{"id":4318,"date":"2025-07-08T16:39:50","date_gmt":"2025-07-08T16:39:50","guid":{"rendered":"https:\/\/landart.rt5.ca\/attraper-rhume-en-ayant-froid\/"},"modified":"2025-09-10T17:33:02","modified_gmt":"2025-09-10T17:33:02","slug":"catch-cold-from-being-cold","status":"publish","type":"post","link":"https:\/\/landart.rt5.ca\/en\/catch-cold-from-being-cold\/","title":{"rendered":"Can you catch a cold from the cold?"},"content":{"rendered":"<p data-start=\"160\" data-end=\"216\">We\u2019ve all been told this by our mother or grandmother:<\/p>\n<p data-start=\"218\" data-end=\"355\"><strong data-start=\"218\" data-end=\"266\">\u201cPut on a coat! It\u2019s cold, you\u2019ll get sick!\u201d<\/strong> Or my favorite: <strong data-start=\"283\" data-end=\"353\">\u201cDress warmly! You\u2019ll catch a chill! Or worse, your death! Ha ha!\u201d<\/strong><\/p>\n<p data-start=\"357\" data-end=\"617\">Far be it from me to question the wisdom of our elders, but\u2026 is it true? I had understood in recent years that this idea had been debunked, since we now know that colds and the flu are viral or bacterial infections, not illnesses caused directly by the cold.<\/p>\n<p data-start=\"619\" data-end=\"801\">However! There are always two sides to every story, aren\u2019t there? In the world of metabolism and the immune system, things are rarely that simple \u2014 and never purely black or white!<\/p>\n<h2 data-start=\"808\" data-end=\"849\">Catching a cold from the cold: myth?<\/h2>\n<p data-start=\"851\" data-end=\"1006\">I did a bit of digging just in case \u201cthey\u201d had changed their minds, but no \u2014 the medical verdict remains the same: <strong data-start=\"966\" data-end=\"1004\">the cold does NOT give you a cold!<\/strong><\/p>\n<p data-start=\"1008\" data-end=\"1282\">That\u2019s right. You could spend hours naked in a refrigerator, or even pass out a little tipsy face-first in a snowbank after a Christmas party, and you still wouldn\u2019t catch a cold. What you could end up with are frostbite or hypothermia, which are definitely not desirable.<\/p>\n<p data-start=\"1284\" data-end=\"1482\"><strong data-start=\"1284\" data-end=\"1480\">\u201cCold and flu viruses spread through saliva and mucus projected into the air by coughing and sneezing. Simply being near a sick person can expose you to their virus, which lingers in the air.\u201d<\/strong><\/p>\n<p data-start=\"1484\" data-end=\"1832\">According to Dr. Karl Weiss, microbiologist and infectious disease specialist at Montreal\u2019s Jewish General Hospital:<br data-start=\"1600\" data-end=\"1603\" \/><strong data-start=\"1603\" data-end=\"1774\">\u201cBecause we\u2019re indoors more often in winter than in summer, with people carrying viruses, it\u2019s normal that we\u2019re more exposed. But it has nothing to do with the cold.\u201d<\/strong><br data-start=\"1774\" data-end=\"1777\" \/>Thank you, Dr. Weiss, for that brilliant explanation!<\/p>\n<h2 data-start=\"1839\" data-end=\"1888\">But\u2026 were our grandmothers completely wrong?<\/h2>\n<p data-start=\"1890\" data-end=\"2062\">What if \u2014 and I say IF \u2014 our grandmothers weren\u2019t entirely wrong? Because let\u2019s face it: the world hasn\u2019t exactly become perfect since \u201chard science\u201d took over our lives.<\/p>\n<p data-start=\"2064\" data-end=\"2254\">We\u2019ve traded our good old grandmother\u2019s remedies for lab-made pills. But maybe we should have kept a more open mind. If our ancestors were tougher than us, maybe there was a reason for it.<\/p>\n<p data-start=\"2256\" data-end=\"2469\">Now don\u2019t worry, I\u2019m not about to launch into a rant about today\u2019s healthcare system. But I did wonder if there might be another angle to consider: how does the body respond when it already carries a cold virus?<\/p>\n<h2 data-start=\"2476\" data-end=\"2511\">How does cold affect the body?<\/h2>\n<p data-start=\"2513\" data-end=\"2677\">We all know that spending a few minutes shivering outside in the snow is bad for the human body. But what exactly are the effects of low temperatures on the body?<\/p>\n<p data-start=\"2679\" data-end=\"2904\">To understand how cold influences us, remember this: body temperature depends on balance. The body must balance heat production with heat loss. Without this balance, it cannot maintain its core temperature of 37\u00b0C (98.6\u00b0F).<\/p>\n<p data-start=\"2906\" data-end=\"3136\">When a fever develops, body temperature rises. That rise helps destroy bacteria or viruses that cannot tolerate excess heat. It also boosts the immune system\u2019s activity against infection. That\u2019s why the question is worth asking.<\/p>\n<h2 data-start=\"3143\" data-end=\"3187\">What\u2019s the link between cold and colds?<\/h2>\n<p data-start=\"3189\" data-end=\"3251\">So I kept digging. What I found is that debate still exists.<\/p>\n<p data-start=\"3253\" data-end=\"3287\">Two main arguments appear often:<\/p>\n<ol data-start=\"3288\" data-end=\"3443\">\n<li data-start=\"3288\" data-end=\"3375\">\n<p data-start=\"3291\" data-end=\"3375\">Cold air may dry out respiratory passages, making us more vulnerable to infection.<\/p>\n<\/li>\n<li data-start=\"3376\" data-end=\"3443\">\n<p data-start=\"3379\" data-end=\"3443\">Some cold viruses may adhere better to dried-out nasal mucosa.<\/p>\n<\/li>\n<\/ol>\n<p data-start=\"3445\" data-end=\"3522\">But since this is not consistent across all viruses, we can\u2019t say for sure.<\/p>\n<p data-start=\"3524\" data-end=\"3723\">There\u2019s also the hypothesis that the immune system \u2014 or at least its response to invaders \u2014 weakens when we are cold. Again, after hours of searching, the answer was still murky\u2026 until <strong data-start=\"3709\" data-end=\"3721\">TADAAAM!<\/strong><\/p>\n<p data-start=\"3725\" data-end=\"4024\">I came across a fascinating Yale University study, published in <em data-start=\"3789\" data-end=\"3842\">The Proceedings of the National Academy of Sciences<\/em>. The article confirmed that the innate immune response to rhinoviruses (the most common cause of colds) is impaired at lower temperatures compared to normal core body temperature.<\/p>\n<p data-start=\"4026\" data-end=\"4313\">The study strongly suggested that temperature variations mainly affect the <strong data-start=\"4101\" data-end=\"4120\">immune response<\/strong>, not the virus itself.<br data-start=\"4143\" data-end=\"4146\" \/><strong data-start=\"4146\" data-end=\"4240\">\u201cIn general, the lower the temperature, the weaker the innate immune response to viruses,\u201d<\/strong> noted Dr. Iwasaki, lead author and professor of immunobiology at Yale.<\/p>\n<p data-start=\"4315\" data-end=\"4492\">In other words \u2014 and much to my delight \u2014 research may FINALLY be giving some credit to old wives\u2019 tales about keeping warm, even covering your nose, to avoid catching a cold.<\/p>\n<h2 data-start=\"4499\" data-end=\"4525\">So, what\u2019s the truth?<\/h2>\n<p data-start=\"4527\" data-end=\"4633\">In conclusion: no, cold air itself doesn\u2019t give you the virus that causes a cold \u2014 we already knew that.<\/p>\n<p data-start=\"4635\" data-end=\"4862\">But cold temperatures <strong data-start=\"4657\" data-end=\"4688\">do impair the immune system<\/strong>, making it less effective at fighting off certain viruses. So bundle up! You might be carrying a virus without knowing it, and your system needs your help to fight it off.<\/p>\n<p data-start=\"4864\" data-end=\"5095\">Psssst\u2026 You can also give your immune system a boost this winter with supplements from Land Art, like <a href=\"\/en\/products\/vitamine-c-liquide-pomme-fruit-passion\">vitamin C<\/a>, <a href=\"\/en\/products\/ginseng-gelee-royale-liquide-miel-citron\">ginseng with royal jelly<\/a>, <a href=\"\/en\/products\/vitamine-d3-biologique\">vitamin D<\/a>, or <a href=\"\/en\/products\/extrait-de-champignons-biologiques\">organic adaptogenic mushroom extract<\/a>. These are powerful, natural allies. \ud83d\ude42<\/p>\n<p data-start=\"5102\" data-end=\"5119\">\n<p data-start=\"5102\" data-end=\"5119\"><strong data-start=\"5102\" data-end=\"5117\">References:<\/strong><\/p>\n<ul>\n<li><a href=\"https:\/\/www.pnas.org\/content\/112\/3\/827\">https:\/\/www.pnas.org\/content\/112\/3\/827<\/a><\/li>\n<li><a href=\"https:\/\/news.yale.edu\/2015\/01\/05\/cold-virus-replicates-better-cooler-temperatures\">https:\/\/news.yale.edu\/2015\/01\/05\/cold-virus-replicates-better-cooler-temperatures<\/a><\/li>\n<li><a href=\"https:\/\/en.wikipedia.org\/wiki\/Common_Cold_Unit\">https:\/\/en.wikipedia.org\/wiki\/Common_Cold_Unit<\/a><\/li>\n<li><a href=\"https:\/\/www.sciencepresse.qc.ca\/actualite\/detecteur-rumeurs\/2018\/02\/28\/avoir-froid-donne-rhume-faux\">https:\/\/www.sciencepresse.qc.ca\/actualite\/detecteur-rumeurs\/2018\/02\/28\/avoir-froid-donne-rhume-faux<\/a><\/li>\n<\/ul>\n<p>&nbsp;<\/p>\n","protected":false},"excerpt":{"rendered":"<p>\u00c9crit par St\u00e9fanie Crevier, notre toute derni\u00e8re recrue! \u00c9tudiante en naturopathie \u00e0 l\u2019Institut d\u2019enseignement naturopathique du Qu\u00e9bec, &#8230;<\/p>\n","protected":false},"author":9,"featured_media":4685,"comment_status":"closed","ping_status":"closed","sticky":false,"template":"","format":"standard","meta":{"_acf_changed":false,"footnotes":""},"categories":[135],"tags":[],"class_list":["post-4318","post","type-post","status-publish","format-standard","has-post-thumbnail","hentry","category-immunity"],"acf":[],"yoast_head":"<!-- This site is optimized with the Yoast SEO plugin v26.0 - https:\/\/yoast.com\/wordpress\/plugins\/seo\/ -->\n<title>Can you catch a cold from the cold? - Land Art<\/title>\n<meta name=\"description\" content=\"Myth or fact? Discover if being cold can really cause a cold, what science says, and the true causes of catching a cold.\" \/>\n<meta name=\"robots\" content=\"noindex, follow, max-snippet:-1, max-image-preview:large, max-video-preview:-1\" \/>\n<meta property=\"og:locale\" content=\"en_US\" \/>\n<meta property=\"og:type\" content=\"article\" \/>\n<meta property=\"og:title\" content=\"Can you catch a cold from the cold? - Land Art\" \/>\n<meta property=\"og:description\" content=\"Myth or fact? Discover if being cold can really cause a cold, what science says, and the true causes of catching a cold.\" \/>\n<meta property=\"og:url\" content=\"https:\/\/landart.rt5.ca\/en\/catch-cold-from-being-cold\/\" \/>\n<meta property=\"og:site_name\" content=\"Land Art\" \/>\n<meta property=\"article:published_time\" content=\"2025-07-08T16:39:50+00:00\" \/>\n<meta property=\"article:modified_time\" content=\"2025-09-10T17:33:02+00:00\" \/>\n<meta property=\"og:image\" content=\"https:\/\/landart.rt5.ca\/wp-content\/uploads\/2025\/07\/froid2_1400x.jpg\" \/>\n\t<meta property=\"og:image:width\" content=\"1400\" \/>\n\t<meta property=\"og:image:height\" content=\"933\" \/>\n\t<meta property=\"og:image:type\" content=\"image\/jpeg\" \/>\n<meta name=\"author\" content=\"Land Art\" \/>\n<meta name=\"twitter:card\" content=\"summary_large_image\" \/>\n<meta name=\"twitter:label1\" content=\"Written by\" \/>\n\t<meta name=\"twitter:data1\" content=\"Land Art\" \/>\n\t<meta name=\"twitter:label2\" content=\"Est. reading time\" \/>\n\t<meta name=\"twitter:data2\" content=\"5 minutes\" \/>\n<script type=\"application\/ld+json\" class=\"yoast-schema-graph\">{\"@context\":\"https:\/\/schema.org\",\"@graph\":[{\"@type\":\"WebPage\",\"@id\":\"https:\/\/landart.rt5.ca\/en\/catch-cold-from-being-cold\/\",\"url\":\"https:\/\/landart.rt5.ca\/en\/catch-cold-from-being-cold\/\",\"name\":\"Can you catch a cold from the cold? - Land Art\",\"isPartOf\":{\"@id\":\"https:\/\/landart.rt5.ca\/en\/#website\"},\"primaryImageOfPage\":{\"@id\":\"https:\/\/landart.rt5.ca\/en\/catch-cold-from-being-cold\/#primaryimage\"},\"image\":{\"@id\":\"https:\/\/landart.rt5.ca\/en\/catch-cold-from-being-cold\/#primaryimage\"},\"thumbnailUrl\":\"https:\/\/landart.rt5.ca\/wp-content\/uploads\/2025\/07\/froid2_1400x.jpg\",\"datePublished\":\"2025-07-08T16:39:50+00:00\",\"dateModified\":\"2025-09-10T17:33:02+00:00\",\"author\":{\"@id\":\"https:\/\/landart.rt5.ca\/en\/#\/schema\/person\/3feb7f67d1111b0429bbe258ab7be9cb\"},\"description\":\"Myth or fact? Discover if being cold can really cause a cold, what science says, and the true causes of catching a cold.\",\"breadcrumb\":{\"@id\":\"https:\/\/landart.rt5.ca\/en\/catch-cold-from-being-cold\/#breadcrumb\"},\"inLanguage\":\"en-US\",\"potentialAction\":[{\"@type\":\"ReadAction\",\"target\":[\"https:\/\/landart.rt5.ca\/en\/catch-cold-from-being-cold\/\"]}]},{\"@type\":\"ImageObject\",\"inLanguage\":\"en-US\",\"@id\":\"https:\/\/landart.rt5.ca\/en\/catch-cold-from-being-cold\/#primaryimage\",\"url\":\"https:\/\/landart.rt5.ca\/wp-content\/uploads\/2025\/07\/froid2_1400x.jpg\",\"contentUrl\":\"https:\/\/landart.rt5.ca\/wp-content\/uploads\/2025\/07\/froid2_1400x.jpg\",\"width\":\"1400\",\"height\":\"933\"},{\"@type\":\"BreadcrumbList\",\"@id\":\"https:\/\/landart.rt5.ca\/en\/catch-cold-from-being-cold\/#breadcrumb\",\"itemListElement\":[{\"@type\":\"ListItem\",\"position\":1,\"name\":\"Home\",\"item\":\"https:\/\/landart.rt5.ca\/en\/\"},{\"@type\":\"ListItem\",\"position\":2,\"name\":\"Can you catch a cold from the cold?\"}]},{\"@type\":\"WebSite\",\"@id\":\"https:\/\/landart.rt5.ca\/en\/#website\",\"url\":\"https:\/\/landart.rt5.ca\/en\/\",\"name\":\"Land Art\",\"description\":\"La sant\u00e9 au naturel.\",\"potentialAction\":[{\"@type\":\"SearchAction\",\"target\":{\"@type\":\"EntryPoint\",\"urlTemplate\":\"https:\/\/landart.rt5.ca\/en\/?s={search_term_string}\"},\"query-input\":{\"@type\":\"PropertyValueSpecification\",\"valueRequired\":true,\"valueName\":\"search_term_string\"}}],\"inLanguage\":\"en-US\"},{\"@type\":\"Person\",\"@id\":\"https:\/\/landart.rt5.ca\/en\/#\/schema\/person\/3feb7f67d1111b0429bbe258ab7be9cb\",\"name\":\"Land Art\",\"image\":{\"@type\":\"ImageObject\",\"inLanguage\":\"en-US\",\"@id\":\"https:\/\/landart.rt5.ca\/en\/#\/schema\/person\/image\/\",\"url\":\"https:\/\/secure.gravatar.com\/avatar\/1ccd826ca03cc921abdfd85a7f02b2a611f0f679d7fd33252b1dfa768d5854dc?s=96&d=mm&r=g\",\"contentUrl\":\"https:\/\/secure.gravatar.com\/avatar\/1ccd826ca03cc921abdfd85a7f02b2a611f0f679d7fd33252b1dfa768d5854dc?s=96&d=mm&r=g\",\"caption\":\"Land Art\"}}]}<\/script>\n<!-- \/ Yoast SEO plugin. -->","yoast_head_json":{"title":"Can you catch a cold from the cold? - Land Art","description":"Myth or fact? Discover if being cold can really cause a cold, what science says, and the true causes of catching a cold.","robots":{"index":"noindex","follow":"follow","max-snippet":"max-snippet:-1","max-image-preview":"max-image-preview:large","max-video-preview":"max-video-preview:-1"},"og_locale":"en_US","og_type":"article","og_title":"Can you catch a cold from the cold? - Land Art","og_description":"Myth or fact? Discover if being cold can really cause a cold, what science says, and the true causes of catching a cold.","og_url":"https:\/\/landart.rt5.ca\/en\/catch-cold-from-being-cold\/","og_site_name":"Land Art","article_published_time":"2025-07-08T16:39:50+00:00","article_modified_time":"2025-09-10T17:33:02+00:00","og_image":[{"width":1400,"height":933,"url":"https:\/\/landart.rt5.ca\/wp-content\/uploads\/2025\/07\/froid2_1400x.jpg","type":"image\/jpeg"}],"author":"Land Art","twitter_card":"summary_large_image","twitter_misc":{"Written by":"Land Art","Est. reading time":"5 minutes"},"schema":{"@context":"https:\/\/schema.org","@graph":[{"@type":"WebPage","@id":"https:\/\/landart.rt5.ca\/en\/catch-cold-from-being-cold\/","url":"https:\/\/landart.rt5.ca\/en\/catch-cold-from-being-cold\/","name":"Can you catch a cold from the cold? - Land Art","isPartOf":{"@id":"https:\/\/landart.rt5.ca\/en\/#website"},"primaryImageOfPage":{"@id":"https:\/\/landart.rt5.ca\/en\/catch-cold-from-being-cold\/#primaryimage"},"image":{"@id":"https:\/\/landart.rt5.ca\/en\/catch-cold-from-being-cold\/#primaryimage"},"thumbnailUrl":"https:\/\/landart.rt5.ca\/wp-content\/uploads\/2025\/07\/froid2_1400x.jpg","datePublished":"2025-07-08T16:39:50+00:00","dateModified":"2025-09-10T17:33:02+00:00","author":{"@id":"https:\/\/landart.rt5.ca\/en\/#\/schema\/person\/3feb7f67d1111b0429bbe258ab7be9cb"},"description":"Myth or fact? Discover if being cold can really cause a cold, what science says, and the true causes of catching a cold.","breadcrumb":{"@id":"https:\/\/landart.rt5.ca\/en\/catch-cold-from-being-cold\/#breadcrumb"},"inLanguage":"en-US","potentialAction":[{"@type":"ReadAction","target":["https:\/\/landart.rt5.ca\/en\/catch-cold-from-being-cold\/"]}]},{"@type":"ImageObject","inLanguage":"en-US","@id":"https:\/\/landart.rt5.ca\/en\/catch-cold-from-being-cold\/#primaryimage","url":"https:\/\/landart.rt5.ca\/wp-content\/uploads\/2025\/07\/froid2_1400x.jpg","contentUrl":"https:\/\/landart.rt5.ca\/wp-content\/uploads\/2025\/07\/froid2_1400x.jpg","width":"1400","height":"933"},{"@type":"BreadcrumbList","@id":"https:\/\/landart.rt5.ca\/en\/catch-cold-from-being-cold\/#breadcrumb","itemListElement":[{"@type":"ListItem","position":1,"name":"Home","item":"https:\/\/landart.rt5.ca\/en\/"},{"@type":"ListItem","position":2,"name":"Can you catch a cold from the cold?"}]},{"@type":"WebSite","@id":"https:\/\/landart.rt5.ca\/en\/#website","url":"https:\/\/landart.rt5.ca\/en\/","name":"Land Art","description":"La sant\u00e9 au naturel.","potentialAction":[{"@type":"SearchAction","target":{"@type":"EntryPoint","urlTemplate":"https:\/\/landart.rt5.ca\/en\/?s={search_term_string}"},"query-input":{"@type":"PropertyValueSpecification","valueRequired":true,"valueName":"search_term_string"}}],"inLanguage":"en-US"},{"@type":"Person","@id":"https:\/\/landart.rt5.ca\/en\/#\/schema\/person\/3feb7f67d1111b0429bbe258ab7be9cb","name":"Land Art","image":{"@type":"ImageObject","inLanguage":"en-US","@id":"https:\/\/landart.rt5.ca\/en\/#\/schema\/person\/image\/","url":"https:\/\/secure.gravatar.com\/avatar\/1ccd826ca03cc921abdfd85a7f02b2a611f0f679d7fd33252b1dfa768d5854dc?s=96&d=mm&r=g","contentUrl":"https:\/\/secure.gravatar.com\/avatar\/1ccd826ca03cc921abdfd85a7f02b2a611f0f679d7fd33252b1dfa768d5854dc?s=96&d=mm&r=g","caption":"Land Art"}}]}},"_links":{"self":[{"href":"https:\/\/landart.rt5.ca\/en\/wp-json\/wp\/v2\/posts\/4318","targetHints":{"allow":["GET"]}}],"collection":[{"href":"https:\/\/landart.rt5.ca\/en\/wp-json\/wp\/v2\/posts"}],"about":[{"href":"https:\/\/landart.rt5.ca\/en\/wp-json\/wp\/v2\/types\/post"}],"author":[{"embeddable":true,"href":"https:\/\/landart.rt5.ca\/en\/wp-json\/wp\/v2\/users\/9"}],"replies":[{"embeddable":true,"href":"https:\/\/landart.rt5.ca\/en\/wp-json\/wp\/v2\/comments?post=4318"}],"version-history":[{"count":7,"href":"https:\/\/landart.rt5.ca\/en\/wp-json\/wp\/v2\/posts\/4318\/revisions"}],"predecessor-version":[{"id":5519,"href":"https:\/\/landart.rt5.ca\/en\/wp-json\/wp\/v2\/posts\/4318\/revisions\/5519"}],"wp:featuredmedia":[{"embeddable":true,"href":"https:\/\/landart.rt5.ca\/en\/wp-json\/wp\/v2\/media\/4685"}],"wp:attachment":[{"href":"https:\/\/landart.rt5.ca\/en\/wp-json\/wp\/v2\/media?parent=4318"}],"wp:term":[{"taxonomy":"category","embeddable":true,"href":"https:\/\/landart.rt5.ca\/en\/wp-json\/wp\/v2\/categories?post=4318"},{"taxonomy":"post_tag","embeddable":true,"href":"https:\/\/landart.rt5.ca\/en\/wp-json\/wp\/v2\/tags?post=4318"}],"curies":[{"name":"wp","href":"https:\/\/api.w.org\/{rel}","templated":true}]}}