{"id":4398,"date":"2025-07-08T16:40:01","date_gmt":"2025-07-08T16:40:01","guid":{"rendered":"https:\/\/landart.rt5.ca\/emission-lepicerie-radio-canada-aloe-vera\/"},"modified":"2025-09-05T12:39:34","modified_gmt":"2025-09-05T12:39:34","slug":"emission-lepicerie-radio-canada-aloe-vera","status":"publish","type":"post","link":"https:\/\/landart.rt5.ca\/en\/emission-lepicerie-radio-canada-aloe-vera\/","title":{"rendered":"\u00c9mission l&#8217;\u00e9picerie (Radio Canada) &#8211; Aloe Vera"},"content":{"rendered":"<p style=\"text-align: justify;\">C\u2019est une jolie plante verte. On en retrouve aussi dans les cr\u00e8mes pour la peau. Mais l\u2019alo\u00e8s est \u00e9galement un ingr\u00e9dient alimentaire. Les jus \u00e0 base d\u2019alo\u00e8s se multiplient dans les rayons des \u00e9piceries ou d\u00e9panneurs, car on pr\u00eate \u00e0 cette plante mille et une vertus. L\u2019\u00e9picerie s\u2019est pench\u00e9e sur cette nouvelle tendance alimentaire. C&#8217;est avec plaisir que nous les avons accueilli l&#8217;\u00e9quipe de l&#8217;\u00c9picerie (Radio-Canada) dans les usines de LAND ART afin de leur en dire un peu plus sur le sujet. Vous retrouverez tous nos\u00a0produits \u00e0 base d&#8217;Aloe Vera <a href=\"https:\/\/landart.ca\/products\/aloe-vera-jus-nature\" rel=\"noopener noreferrer\" target=\"_blank\">ici<\/a>. \u00c9mission du\u00a013\/01\/2016.<\/p>\n<p><iframe loading=\"lazy\" allowfullscreen=\"\" frameborder=\"0\" height=\"315\" src=\"https:\/\/www.youtube.com\/embed\/1hkwyMMYe1o?rel=0&amp;controls=0&amp;showinfo=0\" width=\"560\"><\/iframe><\/p>\n","protected":false},"excerpt":{"rendered":"<p>On en retrouve l&#8217;Aloe Vera dans les cr\u00e8mes pour la peau, mais cette plante est \u00e9galement un ingr\u00e9dient alimentaire. C&#8217;est avec plaisir qu&#8230;<\/p>\n","protected":false},"author":9,"featured_media":4579,"comment_status":"open","ping_status":"open","sticky":false,"template":"","format":"standard","meta":{"_acf_changed":false,"footnotes":""},"categories":[137,119],"tags":[],"class_list":["post-4398","post","type-post","status-publish","format-standard","has-post-thumbnail","hentry","category-well-being","category-digestion"],"acf":[],"yoast_head":"<!-- This site is optimized with the Yoast SEO plugin v26.0 - https:\/\/yoast.com\/wordpress\/plugins\/seo\/ -->\n<title>\u00c9mission l&#039;\u00e9picerie (Radio Canada) - Aloe Vera - Land Art<\/title>\n<meta name=\"robots\" content=\"noindex, follow, max-snippet:-1, max-image-preview:large, max-video-preview:-1\" \/>\n<meta property=\"og:locale\" content=\"en_US\" \/>\n<meta property=\"og:type\" content=\"article\" \/>\n<meta property=\"og:title\" content=\"\u00c9mission l&#039;\u00e9picerie (Radio Canada) - Aloe Vera - Land Art\" \/>\n<meta property=\"og:description\" content=\"On en retrouve l&#039;Aloe Vera dans les cr\u00e8mes pour la peau, mais cette plante est \u00e9galement un ingr\u00e9dient alimentaire. C&#039;est avec plaisir qu...\" \/>\n<meta property=\"og:url\" content=\"https:\/\/landart.rt5.ca\/en\/emission-lepicerie-radio-canada-aloe-vera\/\" \/>\n<meta property=\"og:site_name\" content=\"Land Art\" \/>\n<meta property=\"article:published_time\" content=\"2025-07-08T16:40:01+00:00\" \/>\n<meta property=\"article:modified_time\" content=\"2025-09-05T12:39:34+00:00\" \/>\n<meta property=\"og:image\" content=\"https:\/\/landart.rt5.ca\/wp-content\/uploads\/2025\/07\/113A9169_1400x.jpg\" \/>\n\t<meta property=\"og:image:width\" content=\"1000\" \/>\n\t<meta property=\"og:image:height\" content=\"664\" \/>\n\t<meta property=\"og:image:type\" content=\"image\/jpeg\" \/>\n<meta name=\"author\" content=\"Land Art\" \/>\n<meta name=\"twitter:card\" content=\"summary_large_image\" \/>\n<meta name=\"twitter:label1\" content=\"Written by\" \/>\n\t<meta name=\"twitter:data1\" content=\"Land Art\" \/>\n\t<meta name=\"twitter:label2\" content=\"Est. reading time\" \/>\n\t<meta name=\"twitter:data2\" content=\"1 minute\" \/>\n<script type=\"application\/ld+json\" class=\"yoast-schema-graph\">{\"@context\":\"https:\/\/schema.org\",\"@graph\":[{\"@type\":\"WebPage\",\"@id\":\"https:\/\/landart.rt5.ca\/en\/emission-lepicerie-radio-canada-aloe-vera\/\",\"url\":\"https:\/\/landart.rt5.ca\/en\/emission-lepicerie-radio-canada-aloe-vera\/\",\"name\":\"\u00c9mission l'\u00e9picerie (Radio Canada) - Aloe Vera - Land Art\",\"isPartOf\":{\"@id\":\"https:\/\/landart.rt5.ca\/en\/#website\"},\"primaryImageOfPage\":{\"@id\":\"https:\/\/landart.rt5.ca\/en\/emission-lepicerie-radio-canada-aloe-vera\/#primaryimage\"},\"image\":{\"@id\":\"https:\/\/landart.rt5.ca\/en\/emission-lepicerie-radio-canada-aloe-vera\/#primaryimage\"},\"thumbnailUrl\":\"https:\/\/landart.rt5.ca\/wp-content\/uploads\/2025\/07\/113A9169_1400x.jpg\",\"datePublished\":\"2025-07-08T16:40:01+00:00\",\"dateModified\":\"2025-09-05T12:39:34+00:00\",\"author\":{\"@id\":\"https:\/\/landart.rt5.ca\/en\/#\/schema\/person\/3feb7f67d1111b0429bbe258ab7be9cb\"},\"breadcrumb\":{\"@id\":\"https:\/\/landart.rt5.ca\/en\/emission-lepicerie-radio-canada-aloe-vera\/#breadcrumb\"},\"inLanguage\":\"en-US\",\"potentialAction\":[{\"@type\":\"ReadAction\",\"target\":[\"https:\/\/landart.rt5.ca\/en\/emission-lepicerie-radio-canada-aloe-vera\/\"]}]},{\"@type\":\"ImageObject\",\"inLanguage\":\"en-US\",\"@id\":\"https:\/\/landart.rt5.ca\/en\/emission-lepicerie-radio-canada-aloe-vera\/#primaryimage\",\"url\":\"https:\/\/landart.rt5.ca\/wp-content\/uploads\/2025\/07\/113A9169_1400x.jpg\",\"contentUrl\":\"https:\/\/landart.rt5.ca\/wp-content\/uploads\/2025\/07\/113A9169_1400x.jpg\",\"width\":\"1000\",\"height\":\"664\"},{\"@type\":\"BreadcrumbList\",\"@id\":\"https:\/\/landart.rt5.ca\/en\/emission-lepicerie-radio-canada-aloe-vera\/#breadcrumb\",\"itemListElement\":[{\"@type\":\"ListItem\",\"position\":1,\"name\":\"Home\",\"item\":\"https:\/\/landart.rt5.ca\/en\/\"},{\"@type\":\"ListItem\",\"position\":2,\"name\":\"\u00c9mission l&rsquo;\u00e9picerie (Radio Canada) &#8211; Aloe Vera\"}]},{\"@type\":\"WebSite\",\"@id\":\"https:\/\/landart.rt5.ca\/en\/#website\",\"url\":\"https:\/\/landart.rt5.ca\/en\/\",\"name\":\"Land Art\",\"description\":\"La sant\u00e9 au naturel.\",\"potentialAction\":[{\"@type\":\"SearchAction\",\"target\":{\"@type\":\"EntryPoint\",\"urlTemplate\":\"https:\/\/landart.rt5.ca\/en\/?s={search_term_string}\"},\"query-input\":{\"@type\":\"PropertyValueSpecification\",\"valueRequired\":true,\"valueName\":\"search_term_string\"}}],\"inLanguage\":\"en-US\"},{\"@type\":\"Person\",\"@id\":\"https:\/\/landart.rt5.ca\/en\/#\/schema\/person\/3feb7f67d1111b0429bbe258ab7be9cb\",\"name\":\"Land Art\",\"image\":{\"@type\":\"ImageObject\",\"inLanguage\":\"en-US\",\"@id\":\"https:\/\/landart.rt5.ca\/en\/#\/schema\/person\/image\/\",\"url\":\"https:\/\/secure.gravatar.com\/avatar\/1ccd826ca03cc921abdfd85a7f02b2a611f0f679d7fd33252b1dfa768d5854dc?s=96&d=mm&r=g\",\"contentUrl\":\"https:\/\/secure.gravatar.com\/avatar\/1ccd826ca03cc921abdfd85a7f02b2a611f0f679d7fd33252b1dfa768d5854dc?s=96&d=mm&r=g\",\"caption\":\"Land Art\"}}]}<\/script>\n<!-- \/ Yoast SEO plugin. -->","yoast_head_json":{"title":"\u00c9mission l'\u00e9picerie (Radio Canada) - Aloe Vera - Land Art","robots":{"index":"noindex","follow":"follow","max-snippet":"max-snippet:-1","max-image-preview":"max-image-preview:large","max-video-preview":"max-video-preview:-1"},"og_locale":"en_US","og_type":"article","og_title":"\u00c9mission l'\u00e9picerie (Radio Canada) - Aloe Vera - Land Art","og_description":"On en retrouve l'Aloe Vera dans les cr\u00e8mes pour la peau, mais cette plante est \u00e9galement un ingr\u00e9dient alimentaire. C'est avec plaisir qu...","og_url":"https:\/\/landart.rt5.ca\/en\/emission-lepicerie-radio-canada-aloe-vera\/","og_site_name":"Land Art","article_published_time":"2025-07-08T16:40:01+00:00","article_modified_time":"2025-09-05T12:39:34+00:00","og_image":[{"width":1000,"height":664,"url":"https:\/\/landart.rt5.ca\/wp-content\/uploads\/2025\/07\/113A9169_1400x.jpg","type":"image\/jpeg"}],"author":"Land Art","twitter_card":"summary_large_image","twitter_misc":{"Written by":"Land Art","Est. reading time":"1 minute"},"schema":{"@context":"https:\/\/schema.org","@graph":[{"@type":"WebPage","@id":"https:\/\/landart.rt5.ca\/en\/emission-lepicerie-radio-canada-aloe-vera\/","url":"https:\/\/landart.rt5.ca\/en\/emission-lepicerie-radio-canada-aloe-vera\/","name":"\u00c9mission l'\u00e9picerie (Radio Canada) - Aloe Vera - Land Art","isPartOf":{"@id":"https:\/\/landart.rt5.ca\/en\/#website"},"primaryImageOfPage":{"@id":"https:\/\/landart.rt5.ca\/en\/emission-lepicerie-radio-canada-aloe-vera\/#primaryimage"},"image":{"@id":"https:\/\/landart.rt5.ca\/en\/emission-lepicerie-radio-canada-aloe-vera\/#primaryimage"},"thumbnailUrl":"https:\/\/landart.rt5.ca\/wp-content\/uploads\/2025\/07\/113A9169_1400x.jpg","datePublished":"2025-07-08T16:40:01+00:00","dateModified":"2025-09-05T12:39:34+00:00","author":{"@id":"https:\/\/landart.rt5.ca\/en\/#\/schema\/person\/3feb7f67d1111b0429bbe258ab7be9cb"},"breadcrumb":{"@id":"https:\/\/landart.rt5.ca\/en\/emission-lepicerie-radio-canada-aloe-vera\/#breadcrumb"},"inLanguage":"en-US","potentialAction":[{"@type":"ReadAction","target":["https:\/\/landart.rt5.ca\/en\/emission-lepicerie-radio-canada-aloe-vera\/"]}]},{"@type":"ImageObject","inLanguage":"en-US","@id":"https:\/\/landart.rt5.ca\/en\/emission-lepicerie-radio-canada-aloe-vera\/#primaryimage","url":"https:\/\/landart.rt5.ca\/wp-content\/uploads\/2025\/07\/113A9169_1400x.jpg","contentUrl":"https:\/\/landart.rt5.ca\/wp-content\/uploads\/2025\/07\/113A9169_1400x.jpg","width":"1000","height":"664"},{"@type":"BreadcrumbList","@id":"https:\/\/landart.rt5.ca\/en\/emission-lepicerie-radio-canada-aloe-vera\/#breadcrumb","itemListElement":[{"@type":"ListItem","position":1,"name":"Home","item":"https:\/\/landart.rt5.ca\/en\/"},{"@type":"ListItem","position":2,"name":"\u00c9mission l&rsquo;\u00e9picerie (Radio Canada) &#8211; Aloe Vera"}]},{"@type":"WebSite","@id":"https:\/\/landart.rt5.ca\/en\/#website","url":"https:\/\/landart.rt5.ca\/en\/","name":"Land Art","description":"La sant\u00e9 au naturel.","potentialAction":[{"@type":"SearchAction","target":{"@type":"EntryPoint","urlTemplate":"https:\/\/landart.rt5.ca\/en\/?s={search_term_string}"},"query-input":{"@type":"PropertyValueSpecification","valueRequired":true,"valueName":"search_term_string"}}],"inLanguage":"en-US"},{"@type":"Person","@id":"https:\/\/landart.rt5.ca\/en\/#\/schema\/person\/3feb7f67d1111b0429bbe258ab7be9cb","name":"Land Art","image":{"@type":"ImageObject","inLanguage":"en-US","@id":"https:\/\/landart.rt5.ca\/en\/#\/schema\/person\/image\/","url":"https:\/\/secure.gravatar.com\/avatar\/1ccd826ca03cc921abdfd85a7f02b2a611f0f679d7fd33252b1dfa768d5854dc?s=96&d=mm&r=g","contentUrl":"https:\/\/secure.gravatar.com\/avatar\/1ccd826ca03cc921abdfd85a7f02b2a611f0f679d7fd33252b1dfa768d5854dc?s=96&d=mm&r=g","caption":"Land Art"}}]}},"_links":{"self":[{"href":"https:\/\/landart.rt5.ca\/en\/wp-json\/wp\/v2\/posts\/4398","targetHints":{"allow":["GET"]}}],"collection":[{"href":"https:\/\/landart.rt5.ca\/en\/wp-json\/wp\/v2\/posts"}],"about":[{"href":"https:\/\/landart.rt5.ca\/en\/wp-json\/wp\/v2\/types\/post"}],"author":[{"embeddable":true,"href":"https:\/\/landart.rt5.ca\/en\/wp-json\/wp\/v2\/users\/9"}],"replies":[{"embeddable":true,"href":"https:\/\/landart.rt5.ca\/en\/wp-json\/wp\/v2\/comments?post=4398"}],"version-history":[{"count":1,"href":"https:\/\/landart.rt5.ca\/en\/wp-json\/wp\/v2\/posts\/4398\/revisions"}],"predecessor-version":[{"id":4778,"href":"https:\/\/landart.rt5.ca\/en\/wp-json\/wp\/v2\/posts\/4398\/revisions\/4778"}],"wp:featuredmedia":[{"embeddable":true,"href":"https:\/\/landart.rt5.ca\/en\/wp-json\/wp\/v2\/media\/4579"}],"wp:attachment":[{"href":"https:\/\/landart.rt5.ca\/en\/wp-json\/wp\/v2\/media?parent=4398"}],"wp:term":[{"taxonomy":"category","embeddable":true,"href":"https:\/\/landart.rt5.ca\/en\/wp-json\/wp\/v2\/categories?post=4398"},{"taxonomy":"post_tag","embeddable":true,"href":"https:\/\/landart.rt5.ca\/en\/wp-json\/wp\/v2\/tags?post=4398"}],"curies":[{"name":"wp","href":"https:\/\/api.w.org\/{rel}","templated":true}]}}